{"id":663,"date":"2018-12-28T01:35:10","date_gmt":"2018-12-28T00:35:10","guid":{"rendered":"http:\/\/lutoencolores.org\/?p=663"},"modified":"2018-12-29T11:40:09","modified_gmt":"2018-12-29T10:40:09","slug":"lo-que-hemos-hecho-en-2018","status":"publish","type":"post","link":"https:\/\/www.lutoencolores.org\/index.php\/2018\/12\/28\/lo-que-hemos-hecho-en-2018\/","title":{"rendered":"Lo que hemos hecho en 2018"},"content":{"rendered":"<p><strong><img loading=\"lazy\" decoding=\"async\" class=\"alignleft size-full wp-image-669\" src=\"https:\/\/lutoencolores.org\/wp-content\/uploads\/2018\/12\/2018.png\" alt=\"\" width=\"1037\" height=\"694\" \/><\/strong><\/p>\n<p><strong>UN 2018 MUY COLOREADO.\u00a0<\/strong>\u00c9stas son las actividades que hemos realizado a lo largo de este a\u00f1o. Gracias a todas las personas que particip\u00e1is y nos ayud\u00e1is a que Luto en Colores llegue a quien lo pueda necesitar. Seguimos preparando talleres, charlas, encuentros y nuevos proyectos para el pr\u00f3ximo a\u00f1o.<!--more--><\/p>\n<p><strong><span style=\"color: #008000;\">ACTIVIDADES DE LUTO EN COLORES EN 2018<\/span><\/strong><\/p>\n<ul>\n<li>Empezamos el a\u00f1o de forma muy musical, en enero tuvimos nuestro taller de creaci\u00f3n musical colectiva (&#8216;Crear para vivir&#8217;) con Rafa S\u00e1nchez en Madrid. De ah\u00ed sali\u00f3 nuestra canci\u00f3n <a href=\"https:\/\/www.youtube.com\/watch?v=6G8ovMV2Qp4\" target=\"_blank\" rel=\"noopener\"><em><span style=\"color: #008000;\"><strong>Coloreas mis d\u00edas.<\/strong><\/span><\/em><\/a><\/li>\n<li>En febrero realizamos nuestro Taller para Transformar la Culpa, con Silvia Melero, (\u00fanico taller dirigido exclusivamente a personas que han perdido a un ser querido por suicidio).<\/li>\n<li>A finales de febrero estuvimos en Logro\u00f1o con dos actividades: una charla-encuentro en el Ateneo Riojano y otra edici\u00f3n del Taller para Transformar la Culpa.<\/li>\n<li>Participamos tambi\u00e9n en el Seminario <em>Aprender contando: educomunicaci\u00f3n y expresiones art\u00edsticas para la resiliencia<\/em> en Madrid.<\/li>\n<li>En marzo realizamos el Taller de Formaci\u00f3n en Acompa\u00f1amiento a personas en duelo, con Paloma Rosado y Marta Fern\u00e1ndez.<\/li>\n<li>En abril iniciamos el Grupo con Mujeres (Espacio de duelo y talleres Luto en Colores) en colaboraci\u00f3n con la Concejal\u00eda de Igualdad de Alcal\u00e1 de Henares. En total 10 sesiones a lo largo de casi tres meses.<\/li>\n<li>Volvimos a realizar el Taller Crear para Vivir y de ah\u00ed sali\u00f3 la canci\u00f3n <a href=\"https:\/\/www.youtube.com\/watch?v=uLV6UsCnwvo\" target=\"_blank\" rel=\"noopener\"><em><span style=\"color: #008000;\"><strong>La Vida Vuelve.\u00a0<\/strong><\/span><\/em><\/a><\/li>\n<li>Tambi\u00e9n tuvimos nuestro Taller de Yoga Nidra para el duelo con Lourdes Pardueles, en el Centro Arati (Madrid).<\/li>\n<li>En abril nos fuimos a <a href=\"http:\/\/lutoencolores.org\/index.php\/2018\/04\/11\/nos-vamos-a-galicia-en-abril\/\" target=\"_blank\" rel=\"noopener\"><strong><span style=\"color: #008000;\">Galicia<\/span> <\/strong><\/a>y realizamos diversas charlas y presentaciones del cuento <a href=\"http:\/\/lutoencolores.org\/index.php\/2017\/11\/10\/cuento-la-vida-de-sira\/\" target=\"_blank\" rel=\"noopener\"><em><strong><span style=\"color: #008000;\">La Vida de Sira<\/span><\/strong><\/em><\/a>\u00a0(sobre la muerte de una peque) en varios lugares (Foz, A Coru\u00f1a, Ferrol, Pontevedra, A Illa de Arousa, Santiago de Compostela) con Lidia Luna y Silvia Melero.<\/li>\n<li>En mayo realizamos otra charla-encuentro en el Centro Cultural Colonias Hist\u00f3ricas de Madrid y una nueva edici\u00f3n del Taller para Transformar la Culpa.<\/li>\n<li>En junio tuvimos charla-encuentro, esta vez en el Centro de Poes\u00eda Jos\u00e9 Hierro de Getafe, con Eva de la Pe\u00f1a, Silvia Melero y recital de poes\u00eda (Voces de Hierro).<\/li>\n<li>En septiembre realizamos el Taller de Meditaci\u00f3n <em>\u00bfTienes miedo a la muerte?<\/em> con Juan Manzanera.<\/li>\n<li>En octubre inauguramos nuestra exposici\u00f3n <a href=\"http:\/\/lutoencolores.org\/index.php\/2018\/06\/21\/retratando-las-ausencias\/\" target=\"_blank\" rel=\"noopener\"><span style=\"color: #008000;\"><em><strong>Retratando las ausencias<\/strong><\/em><\/span><\/a> en el Centro Cultural de Lavapi\u00e9s.<\/li>\n<li>Estuvimos tambi\u00e9n en Guadalajara con una charla-encuentro en el Centro de Familia Cuartel del Henares.<\/li>\n<li>En noviembre organizamos nuestras <a href=\"http:\/\/lutoencolores.org\/index.php\/2018\/11\/06\/ii-jornadas-luto-en-colores-barcelona\/\" target=\"_blank\" rel=\"noopener\"><span style=\"color: #008000;\"><strong>II Jornadas Luto en Colores en Barcelona<\/strong><\/span><\/a> en el Ateneo La Base.<\/li>\n<li>En diciembre presentamos el <a href=\"http:\/\/lutoencolores.org\/index.php\/2018\/11\/30\/libro-luto-en-colores\/\" target=\"_blank\" rel=\"noopener\"><span style=\"color: #008000;\"><strong><em>libro Luto en Colores, repensar la muerte para celebrar la vida,<\/em><\/strong><\/span><\/a> en la Biblioteca Eugenio Tr\u00edas de El Retiro.<\/li>\n<\/ul>\n<p>Y en 2019 seguiremos llevando Luto en Colores a nuevos espacios y nuevas personas. Iremos actualizando todas las actividades en la web.<\/p>\n<p><em><strong>Si tienes inter\u00e9s en organizar una charla-encuentro, taller o actividad puedes contactarnos aqu\u00ed:<br \/>\n<\/strong><\/em><em>lutoencolores@gmail.com\u00a0<strong>\u00a0\/ \u00a0<\/strong>699 05 86 26<\/em><\/p>\n<p>Gracias por ayudarnos a colorear la muerte y la vida.<\/p>\n<p><img loading=\"lazy\" decoding=\"async\" class=\"alignleft wp-image-13\" src=\"https:\/\/lutoencolores.org\/wp-content\/uploads\/2016\/12\/LogoLuto.png\" alt=\"\" width=\"341\" height=\"107\" \/><\/p>\n","protected":false},"excerpt":{"rendered":"<p>UN 2018 MUY COLOREADO.\u00a0\u00c9stas son las actividades que hemos realizado a lo largo de este a\u00f1o. Gracias a todas las personas que particip\u00e1is y nos ayud\u00e1is a que Luto en Colores llegue a quien lo pueda necesitar. Seguimos preparando talleres, charlas, encuentros y nuevos proyectos para el pr\u00f3ximo a\u00f1o.<\/p>\n","protected":false},"author":1,"featured_media":0,"comment_status":"closed","ping_status":"closed","sticky":false,"template":"","format":"standard","meta":{"footnotes":""},"categories":[1],"tags":[],"class_list":["post-663","post","type-post","status-publish","format-standard","hentry","category-uncategorized"],"_links":{"self":[{"href":"https:\/\/www.lutoencolores.org\/index.php\/wp-json\/wp\/v2\/posts\/663"}],"collection":[{"href":"https:\/\/www.lutoencolores.org\/index.php\/wp-json\/wp\/v2\/posts"}],"about":[{"href":"https:\/\/www.lutoencolores.org\/index.php\/wp-json\/wp\/v2\/types\/post"}],"author":[{"embeddable":true,"href":"https:\/\/www.lutoencolores.org\/index.php\/wp-json\/wp\/v2\/users\/1"}],"replies":[{"embeddable":true,"href":"https:\/\/www.lutoencolores.org\/index.php\/wp-json\/wp\/v2\/comments?post=663"}],"version-history":[{"count":12,"href":"https:\/\/www.lutoencolores.org\/index.php\/wp-json\/wp\/v2\/posts\/663\/revisions"}],"predecessor-version":[{"id":677,"href":"https:\/\/www.lutoencolores.org\/index.php\/wp-json\/wp\/v2\/posts\/663\/revisions\/677"}],"wp:attachment":[{"href":"https:\/\/www.lutoencolores.org\/index.php\/wp-json\/wp\/v2\/media?parent=663"}],"wp:term":[{"taxonomy":"category","embeddable":true,"href":"https:\/\/www.lutoencolores.org\/index.php\/wp-json\/wp\/v2\/categories?post=663"},{"taxonomy":"post_tag","embeddable":true,"href":"https:\/\/www.lutoencolores.org\/index.php\/wp-json\/wp\/v2\/tags?post=663"}],"curies":[{"name":"wp","href":"https:\/\/api.w.org\/{rel}","templated":true}]}}