{"id":1668,"date":"2020-12-03T10:22:37","date_gmt":"2020-12-03T09:22:37","guid":{"rendered":"https:\/\/lutoencolores.org\/?p=1668"},"modified":"2022-02-03T11:45:18","modified_gmt":"2022-02-03T10:45:18","slug":"fotografiando-las-ausencias","status":"publish","type":"post","link":"https:\/\/www.lutoencolores.org\/index.php\/2020\/12\/03\/fotografiando-las-ausencias\/","title":{"rendered":"Fotografiando las ausencias"},"content":{"rendered":"<p><img loading=\"lazy\" decoding=\"async\" class=\"alignleft wp-image-1670\" src=\"https:\/\/lutoencolores.org\/wp-content\/uploads\/2020\/12\/FotografiandoLasAusencias.png\" alt=\"\" width=\"685\" height=\"465\" srcset=\"https:\/\/www.lutoencolores.org\/wp-content\/uploads\/2020\/12\/FotografiandoLasAusencias.png 1160w, https:\/\/www.lutoencolores.org\/wp-content\/uploads\/2020\/12\/FotografiandoLasAusencias-300x204.png 300w, https:\/\/www.lutoencolores.org\/wp-content\/uploads\/2020\/12\/FotografiandoLasAusencias-768x522.png 768w, https:\/\/www.lutoencolores.org\/wp-content\/uploads\/2020\/12\/FotografiandoLasAusencias-1024x696.png 1024w\" sizes=\"(max-width: 685px) 100vw, 685px\" \/><\/p>\n<p><strong><span style=\"color: #008000;\">CONVOCATORIA DIRIGIDA A ADOLESCENTES<\/span><br \/>\n(En colaboraci\u00f3n con\u00a0centros educativos y profesorado)<\/strong><\/p>\n<p>Os invitamos a homenajear a vuestros seres queridos fallecidos\/as a trav\u00e9s de la fotograf\u00eda, rescatando recuerdos con vuestros tel\u00e9fonos m\u00f3viles.<br \/>\nQuienes se van dejan objetos, lugares, sabores y aromas que nos recuerdan los momentos vividos compartidos. A trav\u00e9s de ellos podemos relacionarnos con su ausencia y reencontrarnos con nuestros seres queridos, homenajeando tambi\u00e9n su existencia y todo lo que nos han dejado en nuestras vidas.<!--more--><\/p>\n<p>Os proponemos fotografiar esos rincones, objetos, comidas, paisajes, lugares o actividades que tienen un significado especial. \u00bfQuiz\u00e1 la pista donde jugabais? \u00bfEl banco del parque donde os sentabais a charlar? \u00bfSu comida preferida? \u00bfLos pendientes que te regal\u00f3? \u00bfLa m\u00fasica que compart\u00edais? \u00bfEl lugar de ocio y risas?\u00bfSu gorra, la que siempre te pones?<\/p>\n<p>Si quer\u00e9is participar, tan s\u00f3lo ten\u00e9is que mandarnos una imagen por email a <strong>lutoencolores@gmail.com<\/strong> con una frase explicativa de lo que representa esa fotograf\u00eda para ti, con tu nombre y edad, el nombre de tu ser querido (sin apellidos) \u00a0y el v\u00ednculo que os une (mi abuela, mi amigo, mi padre, etc). Es importante que en las fotos no salgan personas, la idea es retratar las ausencias en im\u00e1genes llenas de significado.<\/p>\n<p>No es una convocatoria profesional, as\u00ed que os animamos a hacer esas fotos con vuestros m\u00f3viles, tabletas o c\u00e1maras, pero sobre todo, con vuestros corazones. Y si nos las envi\u00e1is en la mejor resoluci\u00f3n posible os lo agradecemos mucho.<\/p>\n<p>Con el material recibido crearemos un v\u00eddeo a modo de exposici\u00f3n colectiva &#8216;virtual&#8217; para que vuestros recuerdos vuelen a modo de homenaje y otras personas puedan inspirarse en ellos para relacionarse tambi\u00e9n con sus ausencias de una forma tan bella.<\/p>\n<p>Os invitamos tambi\u00e9n a compartir vuestras fotos en redes sociales con el hashtag <strong>#fotografiandolasausencias<\/strong> @lutoencolores<\/p>\n<p>Gracias por ayudarnos a colorear la Vida, el duelo y la muerte participando en nuestras propuestas.<\/p>\n<p><iframe loading=\"lazy\" title=\"&#039;Fotografiando las Ausencias&#039;. Convocatoria para adolescentes. Luto en Colores.\" width=\"660\" height=\"371\" src=\"https:\/\/www.youtube.com\/embed\/zn8pAu-srpA?feature=oembed\" frameborder=\"0\" allow=\"accelerometer; autoplay; clipboard-write; encrypted-media; gyroscope; picture-in-picture; web-share\" referrerpolicy=\"strict-origin-when-cross-origin\" allowfullscreen><\/iframe><\/p>\n<ul>\n<li><a href=\"https:\/\/lutoencolores.org\/index.php\/2018\/06\/21\/retratando-las-ausencias\/\"><span style=\"color: #008000;\">Convocatoria Retratando las Ausencias<\/span><\/a><\/li>\n<li><a href=\"https:\/\/lutoencolores.org\/index.php\/2019\/07\/12\/dibujando-las-ausencias\/\" target=\"_blank\" rel=\"noopener\"><span style=\"color: #008000;\">Convocatoria Dibujando las Ausencias<\/span><\/a><img loading=\"lazy\" decoding=\"async\" class=\"alignleft size-full wp-image-1670\" src=\"https:\/\/lutoencolores.org\/wp-content\/uploads\/2020\/12\/FotografiandoLasAusencias.png\" alt=\"\" width=\"1160\" height=\"788\" srcset=\"https:\/\/www.lutoencolores.org\/wp-content\/uploads\/2020\/12\/FotografiandoLasAusencias.png 1160w, https:\/\/www.lutoencolores.org\/wp-content\/uploads\/2020\/12\/FotografiandoLasAusencias-300x204.png 300w, https:\/\/www.lutoencolores.org\/wp-content\/uploads\/2020\/12\/FotografiandoLasAusencias-768x522.png 768w, https:\/\/www.lutoencolores.org\/wp-content\/uploads\/2020\/12\/FotografiandoLasAusencias-1024x696.png 1024w\" sizes=\"(max-width: 1160px) 100vw, 1160px\" \/><\/li>\n<\/ul>\n","protected":false},"excerpt":{"rendered":"<p>CONVOCATORIA DIRIGIDA A ADOLESCENTES (En colaboraci\u00f3n con\u00a0centros educativos y profesorado) Os invitamos a homenajear a vuestros seres queridos fallecidos\/as a trav\u00e9s de la fotograf\u00eda, rescatando recuerdos con vuestros tel\u00e9fonos m\u00f3viles. Quienes se van dejan objetos, lugares, sabores y aromas que nos recuerdan los momentos vividos compartidos. A trav\u00e9s de ellos podemos relacionarnos con su ausencia &hellip; <a href=\"https:\/\/www.lutoencolores.org\/index.php\/2020\/12\/03\/fotografiando-las-ausencias\/\" class=\"more-link\">Contin\u00faa leyendo <span class=\"screen-reader-text\">Fotografiando las ausencias<\/span><\/a><\/p>\n","protected":false},"author":1,"featured_media":0,"comment_status":"closed","ping_status":"closed","sticky":false,"template":"","format":"standard","meta":{"footnotes":""},"categories":[1],"tags":[],"class_list":["post-1668","post","type-post","status-publish","format-standard","hentry","category-uncategorized"],"_links":{"self":[{"href":"https:\/\/www.lutoencolores.org\/index.php\/wp-json\/wp\/v2\/posts\/1668"}],"collection":[{"href":"https:\/\/www.lutoencolores.org\/index.php\/wp-json\/wp\/v2\/posts"}],"about":[{"href":"https:\/\/www.lutoencolores.org\/index.php\/wp-json\/wp\/v2\/types\/post"}],"author":[{"embeddable":true,"href":"https:\/\/www.lutoencolores.org\/index.php\/wp-json\/wp\/v2\/users\/1"}],"replies":[{"embeddable":true,"href":"https:\/\/www.lutoencolores.org\/index.php\/wp-json\/wp\/v2\/comments?post=1668"}],"version-history":[{"count":17,"href":"https:\/\/www.lutoencolores.org\/index.php\/wp-json\/wp\/v2\/posts\/1668\/revisions"}],"predecessor-version":[{"id":2142,"href":"https:\/\/www.lutoencolores.org\/index.php\/wp-json\/wp\/v2\/posts\/1668\/revisions\/2142"}],"wp:attachment":[{"href":"https:\/\/www.lutoencolores.org\/index.php\/wp-json\/wp\/v2\/media?parent=1668"}],"wp:term":[{"taxonomy":"category","embeddable":true,"href":"https:\/\/www.lutoencolores.org\/index.php\/wp-json\/wp\/v2\/categories?post=1668"},{"taxonomy":"post_tag","embeddable":true,"href":"https:\/\/www.lutoencolores.org\/index.php\/wp-json\/wp\/v2\/tags?post=1668"}],"curies":[{"name":"wp","href":"https:\/\/api.w.org\/{rel}","templated":true}]}}